{"id":691,"date":"2015-10-20T16:38:27","date_gmt":"2015-10-20T19:38:27","guid":{"rendered":"http:\/\/eimargentina.com\/blog\/?p=691"},"modified":"2015-10-20T16:38:27","modified_gmt":"2015-10-20T19:38:27","slug":"41-congreso-argentino-de-cardiologia","status":"publish","type":"post","link":"http:\/\/eimargentina.com\/blog\/41-congreso-argentino-de-cardiologia\/","title":{"rendered":"41\u00b0 Congreso Argentino de Cardiolog\u00eda"},"content":{"rendered":"<p>El pasado 15 de Octubre comenz\u00f3 el 41\u00b0 Congreso Argentino de Cardiolog\u00eda, el evento cient\u00edfico m\u00e1s importante de habla hispana.<br \/>\nEl mismo tuvo la participaci\u00f3n de\u00a0m\u00e1s de 10.000 m\u00e9dicos y se\u00a0realiz\u00f3 en el predio de<a href=\"http:\/\/www.larural.com.ar\/\"> La Rural<\/a>, cuidad de Buenos Aires.<br \/>\nEl evento cont\u00f3 con conferencias dictadas por los m\u00e1s reconocidos expertos de la Cardiolog\u00eda mundial y 125 mesas redondas, en las que se debatieron todos los temas candentes de la actualidad cardiol\u00f3gica, desde la muerte s\u00fabita y el deporte hasta los tratamientos m\u00e1s avanzados para ni\u00f1os y adultos.<\/p>\n<p><!--more--><\/p>\n<h1>\u00abLo bueno, lo malo y lo feo\u00bb<\/h1>\n<p>Sin duda, el tema de la actividad f\u00edsica est\u00e1 en el centro de la actualidad cardiol\u00f3gica. La mesa redonda sobre deporte, organizada por la <a href=\"http:\/\/www.sac.org.ar\/\">SAC<\/a> y las sociedades de Cl\u00ednica M\u00e9dica en la sala m\u00e1s grande de La Rural, desbord\u00f3 de un p\u00fablico \u00e1vido por conocer m\u00e1s sobre muerte s\u00fabita y otras patolog\u00edas vinculadas con deportes populares, como el f\u00fatbol.<\/p>\n<p><strong>Jorge Franchella<\/strong>, m\u00e9dico deport\u00f3logo del Hospital de Cl\u00ednicas y representante de <a href=\"http:\/\/eimargentina.com\/blog\/presentacion-de-eim-argentina\/\">EIM Argentina<\/a>, record\u00f3 que es tan malo el sedentarismo como ejercitarse en forma extrema.<\/p>\n<blockquote><p>\u201cEl ejercicio es medicina, y los m\u00e9dicos tenemos que prescribir actividad f\u00edsica siempre, pero debemos tener en cuenta qui\u00e9n la va a hacer, cu\u00e1ndo, d\u00f3nde, con qu\u00e9 objetivo (recreacional o competitivo) y durante cu\u00e1nto tiempo. Adem\u00e1s, es importante enfatizar en la necesidad de precalentamiento antes de cualquier ejercicio y considerar tiempo suficiente de descanso entre los d\u00edas de ejercicio\u201d.<\/p><\/blockquote>\n<p>A su vez, otros especialistas dieron su opini\u00f3n sobre \u00e9ste tema tan temida para los deportistas, como es la muerte s\u00fabita.<br \/>\n<strong>Patricia Sangenis<\/strong>, cardi\u00f3loga especializada en atletismo de alto rendimiento, explic\u00f3 que la muerte s\u00fabita puede ser muchas veces prevenida con estudios diagn\u00f3sticos y seguimiento m\u00e9dico, pero aclar\u00f3 que no siempre se la puede evitar, ni a\u00fan en los atletas ol\u00edmpicos que ella acostumbra a ver.<\/p>\n<h2>Galer\u00eda de fotos<\/h2>\n<p>[aesop_gallery id=\u00bb694&#8243;]<\/p>\n<p>&nbsp;<\/p>\n<p>Si quer\u00e9s leer todas las notas originales, hac\u00e9 click <a href=\"http:\/\/www.sac.org.ar\/\">ac\u00e1<\/a><\/p>\n","protected":false},"excerpt":{"rendered":"<p>El pasado 15 de Octubre comenz\u00f3 el 41\u00b0 Congreso Argentino de Cardiolog\u00eda, el evento cient\u00edfico m\u00e1s importante de habla hispana. El mismo tuvo la participaci\u00f3n de\u00a0m\u00e1s de 10.000 m\u00e9dicos y se\u00a0realiz\u00f3 en el predio de La Rural, cuidad de Buenos Aires. El evento cont\u00f3 con conferencias dictadas por los m\u00e1s reconocidos expertos de la Cardiolog\u00eda [&hellip;]<\/p>\n","protected":false},"author":3,"featured_media":0,"comment_status":"open","ping_status":"open","sticky":false,"template":"","format":"standard","meta":{"footnotes":""},"categories":[4],"tags":[25,32,85],"class_list":["post-691","post","type-post","status-publish","format-standard","hentry","category-noticias","tag-cardiologia","tag-congreso","tag-jorge-franchella"],"_links":{"self":[{"href":"http:\/\/eimargentina.com\/blog\/wp-json\/wp\/v2\/posts\/691","targetHints":{"allow":["GET"]}}],"collection":[{"href":"http:\/\/eimargentina.com\/blog\/wp-json\/wp\/v2\/posts"}],"about":[{"href":"http:\/\/eimargentina.com\/blog\/wp-json\/wp\/v2\/types\/post"}],"author":[{"embeddable":true,"href":"http:\/\/eimargentina.com\/blog\/wp-json\/wp\/v2\/users\/3"}],"replies":[{"embeddable":true,"href":"http:\/\/eimargentina.com\/blog\/wp-json\/wp\/v2\/comments?post=691"}],"version-history":[{"count":0,"href":"http:\/\/eimargentina.com\/blog\/wp-json\/wp\/v2\/posts\/691\/revisions"}],"wp:attachment":[{"href":"http:\/\/eimargentina.com\/blog\/wp-json\/wp\/v2\/media?parent=691"}],"wp:term":[{"taxonomy":"category","embeddable":true,"href":"http:\/\/eimargentina.com\/blog\/wp-json\/wp\/v2\/categories?post=691"},{"taxonomy":"post_tag","embeddable":true,"href":"http:\/\/eimargentina.com\/blog\/wp-json\/wp\/v2\/tags?post=691"}],"curies":[{"name":"wp","href":"https:\/\/api.w.org\/{rel}","templated":true}]}}