{"id":599,"date":"2015-09-02T14:09:00","date_gmt":"2015-09-02T17:09:00","guid":{"rendered":"http:\/\/eimargentina.com\/blog\/?p=599"},"modified":"2015-09-02T14:09:00","modified_gmt":"2015-09-02T17:09:00","slug":"1-jornada-de-capacitacion-internacional-sobre-la-prescripcion-de-actividad-fisica","status":"publish","type":"post","link":"http:\/\/eimargentina.com\/blog\/1-jornada-de-capacitacion-internacional-sobre-la-prescripcion-de-actividad-fisica\/","title":{"rendered":"1\u00b0 Jornada de Capacitaci\u00f3n Internacional sobre la Prescripci\u00f3n de Actividad F\u00edsica"},"content":{"rendered":"<p>El d\u00eda S\u00e1bado 29 de Agosto continu\u00f3 la Jornada de capacitaci\u00f3n para prescripci\u00f3n de la actividad f\u00edsica en la cuidad de Olavarr\u00eda, dictada por el Dr. Jorge Franchella y el Lic. Javier Mazzone.<\/p>\n<p><!--more--><\/p>\n<h1>Las actividades<\/h1>\n<p>Se dividieron las actividades en dos partes:<\/p>\n<h2>Parte 1<\/h2>\n<p>Desarrollo del curso Internacional \u00abEIM Argentina\u00bb para los m\u00e9dicos inscriptos. Din\u00e1mica: M\u00f3dulos te\u00f3rico-pr\u00e1cticos con evaluaci\u00f3n final.<\/p>\n<p>Tuvo lugar a partir de las 8 hs finalizando a las 17 hs en el Sal\u00f3n de Capacitaciones y Deportes del Sindicato Luz y Fuerza.<\/p>\n<h3>Parte 2<\/h3>\n<p>\u00c9sta segunda parte cont\u00f3 con:<\/p>\n<ul>\n<li>Una reuni\u00f3n con dirigentes, coordinador y responsables del Club Loma Negra para asesorar sobre un proyecto para promover el desarrollo sustentable de las disciplinas deportivas en el club.<\/li>\n<li>Una charla destinada a los padres y deportistas del Club Loma Negra alusiva a la promoci\u00f3n de los aspectos formativos del deporte que propone el club.<\/li>\n<\/ul>\n<h4>Galer\u00eda de fotos<\/h4>\n<p>[aesop_gallery id=\u00bb602&#8243;]<\/p>\n<p id=\"ui-id-2\">Para m\u00e1s informaci\u00f3n de lo que trat\u00f3 la jornada, te invitamos que hagas click <a href=\"http:\/\/eimargentina.com\/blog\/1o-jornada-de-capacitacion-internacional-sobre-la-prescripcion-de-la-actividad-fisica\/\">ac\u00e1<\/a><\/p>\n","protected":false},"excerpt":{"rendered":"<p>El d\u00eda S\u00e1bado 29 de Agosto continu\u00f3 la Jornada de capacitaci\u00f3n para prescripci\u00f3n de la actividad f\u00edsica en la cuidad de Olavarr\u00eda, dictada por el Dr. Jorge Franchella y el Lic. Javier Mazzone.<\/p>\n","protected":false},"author":3,"featured_media":0,"comment_status":"open","ping_status":"open","sticky":false,"template":"","format":"standard","meta":{"footnotes":""},"categories":[4],"tags":[10,85,86,104,119],"class_list":["post-599","post","type-post","status-publish","format-standard","hentry","category-noticias","tag-actividad-fisica","tag-jorge-franchella","tag-jornada","tag-olavarria","tag-prescripcion"],"_links":{"self":[{"href":"http:\/\/eimargentina.com\/blog\/wp-json\/wp\/v2\/posts\/599","targetHints":{"allow":["GET"]}}],"collection":[{"href":"http:\/\/eimargentina.com\/blog\/wp-json\/wp\/v2\/posts"}],"about":[{"href":"http:\/\/eimargentina.com\/blog\/wp-json\/wp\/v2\/types\/post"}],"author":[{"embeddable":true,"href":"http:\/\/eimargentina.com\/blog\/wp-json\/wp\/v2\/users\/3"}],"replies":[{"embeddable":true,"href":"http:\/\/eimargentina.com\/blog\/wp-json\/wp\/v2\/comments?post=599"}],"version-history":[{"count":0,"href":"http:\/\/eimargentina.com\/blog\/wp-json\/wp\/v2\/posts\/599\/revisions"}],"wp:attachment":[{"href":"http:\/\/eimargentina.com\/blog\/wp-json\/wp\/v2\/media?parent=599"}],"wp:term":[{"taxonomy":"category","embeddable":true,"href":"http:\/\/eimargentina.com\/blog\/wp-json\/wp\/v2\/categories?post=599"},{"taxonomy":"post_tag","embeddable":true,"href":"http:\/\/eimargentina.com\/blog\/wp-json\/wp\/v2\/tags?post=599"}],"curies":[{"name":"wp","href":"https:\/\/api.w.org\/{rel}","templated":true}]}}