{"id":595,"date":"2015-08-28T13:37:03","date_gmt":"2015-08-28T16:37:03","guid":{"rendered":"http:\/\/eimargentina.com\/blog\/?p=595"},"modified":"2015-08-28T13:37:03","modified_gmt":"2015-08-28T16:37:03","slug":"1o-jornada-de-capacitacion-internacional-sobre-la-prescripcion-de-la-actividad-fisica","status":"publish","type":"post","link":"http:\/\/eimargentina.com\/blog\/1o-jornada-de-capacitacion-internacional-sobre-la-prescripcion-de-la-actividad-fisica\/","title":{"rendered":"1\u00ba Jornada de Capacitaci\u00f3n Internacional sobre la Prescripci\u00f3n de la Actividad F\u00edsica"},"content":{"rendered":"<p>En el d\u00eda de hoy comenz\u00f3 la <strong>Primer Jornada de Capacitaci\u00f3n Internacional sobre la Prescripci\u00f3n de la Actividad F\u00edsica<\/strong> en la cuidad de Olavarr\u00eda. La misma se desarrollar\u00e1 entre hoy y ma\u00f1ana y el cu\u00e1l incluir\u00e1 un curso de Exercise is Medicine en el circulo m\u00e9dico de dicha cuidad.<\/p>\n<p class=\"p1\">La jornada ser\u00e1 dictada por <strong>Jorge Franchella<\/strong>, <em>m\u00e9dico cardi\u00f3logo y deport\u00f3logo y Director del Programa EIM en Argentina<\/em> y \u00a0<strong>Javier Mazzone<\/strong>, <em>Licenciado en Educaci\u00f3n F\u00edsica y Docente\u00a0del post-grado de la Facultad de Medicina UBA de la Carrera de Especialista en Medicina del Deporte<\/em>.<\/p>\n<p><!--more--><\/p>\n<h1>Programa de Actividades<\/h1>\n<p><strong>Fecha: 28 de Agosto<\/strong><\/p>\n<p><span style=\"text-decoration: underline;\">Actividad 1<\/span> &#8211; Hora: 08:30 am<\/p>\n<p>Tema:\u00a0\u00abDisertaci\u00f3n sobre la Prescripci\u00f3n\u00a0de la Actividad F\u00edsica para la Comunidad y el Deportista\u201c.<\/p>\n<p>Lugar:\u00a0Club Pueblo Nuevo (Sal\u00f3n)\u2013 Calle Necochea \u00a0y Chacabuco.<\/p>\n<p><strong>\u00a0<\/strong><span style=\"text-decoration: underline;\">Actividad\u00a0<\/span><span style=\"text-decoration: underline;\">2<\/span> &#8211; Hora: 19:00 Hs.<\/p>\n<p><strong>\u00a0<\/strong>Tema: \u00abCapacitaci\u00f3n te\u00f3rico-pr\u00e1ctico sobre t\u00e9cnicas de evaluaci\u00f3n\u00a0con demostraci\u00f3n de test espec\u00edficos\u00bb<\/p>\n<p>Lugar: C\u00edrculo M\u00e9dico de Olavarr\u00eda &#8211; Calle 25 de Mayo 2225.<\/p>\n<h2>Temas a desarrollar<\/h2>\n<p>Entre los dem\u00e1s a desarrollar se destacan los siguientes:<\/p>\n<ul>\n<li>Nuevas tendencias de la Prescripci\u00f3n de la actividad f\u00edsica para la promoci\u00f3n de la salud , la prevenci\u00f3n y el control de las <strong>ECNT<\/strong> <em>(Enfermedades Cr\u00f3nicas No transmisibles)<\/em>.<\/li>\n<li>\u00bf C\u00f3mo comenzar a realizar Actividad F\u00edsica saludable ?<\/li>\n<li>Actualizaci\u00f3n b\u00e1sica sobre el entrenamiento profesional y amateur en deportes c\u00edclicos, ac\u00edclicos individuales y de conjunto.<\/li>\n<li>Actividad f\u00edsica en la mujer y la tercera edad. Discapacidad y deporte.<\/li>\n<li>Actividad f\u00edsica saludable y formativa en el ni\u00f1o.<\/li>\n<\/ul>\n","protected":false},"excerpt":{"rendered":"<p>En el d\u00eda de hoy comenz\u00f3 la Primer Jornada de Capacitaci\u00f3n Internacional sobre la Prescripci\u00f3n de la Actividad F\u00edsica en la cuidad de Olavarr\u00eda. La misma se desarrollar\u00e1 entre hoy y ma\u00f1ana y el cu\u00e1l incluir\u00e1 un curso de Exercise is Medicine en el circulo m\u00e9dico de dicha cuidad. La jornada ser\u00e1 dictada por Jorge [&hellip;]<\/p>\n","protected":false},"author":3,"featured_media":0,"comment_status":"open","ping_status":"open","sticky":false,"template":"","format":"standard","meta":{"footnotes":""},"categories":[4],"tags":[10,85,86,104,119],"class_list":["post-595","post","type-post","status-publish","format-standard","hentry","category-noticias","tag-actividad-fisica","tag-jorge-franchella","tag-jornada","tag-olavarria","tag-prescripcion"],"_links":{"self":[{"href":"http:\/\/eimargentina.com\/blog\/wp-json\/wp\/v2\/posts\/595","targetHints":{"allow":["GET"]}}],"collection":[{"href":"http:\/\/eimargentina.com\/blog\/wp-json\/wp\/v2\/posts"}],"about":[{"href":"http:\/\/eimargentina.com\/blog\/wp-json\/wp\/v2\/types\/post"}],"author":[{"embeddable":true,"href":"http:\/\/eimargentina.com\/blog\/wp-json\/wp\/v2\/users\/3"}],"replies":[{"embeddable":true,"href":"http:\/\/eimargentina.com\/blog\/wp-json\/wp\/v2\/comments?post=595"}],"version-history":[{"count":0,"href":"http:\/\/eimargentina.com\/blog\/wp-json\/wp\/v2\/posts\/595\/revisions"}],"wp:attachment":[{"href":"http:\/\/eimargentina.com\/blog\/wp-json\/wp\/v2\/media?parent=595"}],"wp:term":[{"taxonomy":"category","embeddable":true,"href":"http:\/\/eimargentina.com\/blog\/wp-json\/wp\/v2\/categories?post=595"},{"taxonomy":"post_tag","embeddable":true,"href":"http:\/\/eimargentina.com\/blog\/wp-json\/wp\/v2\/tags?post=595"}],"curies":[{"name":"wp","href":"https:\/\/api.w.org\/{rel}","templated":true}]}}